{"id":5779,"date":"2026-09-01T09:06:41","date_gmt":"2026-09-01T07:06:41","guid":{"rendered":"https:\/\/copobla.es\/?p=5779"},"modified":"2026-09-01T09:05:25","modified_gmt":"2026-09-01T07:05:25","slug":"septiembre-es-temporada-de-vendimia-disfruta-de-la-uva-mas-jugosa-al-mejor-precio","status":"publish","type":"post","link":"https:\/\/copobla.es\/es\/septiembre-es-temporada-de-vendimia-disfruta-de-la-uva-mas-jugosa-al-mejor-precio\/","title":{"rendered":"Septiembre es temporada de vendimia: disfruta de la uva m\u00e1s jugosa al mejor precio"},"content":{"rendered":"<p>Septiembre es uno de los meses m\u00e1s agradecidos por muchos: bajan las temperaturas acalorantes del verano, descansamos despu\u00e9s de las fiestas de pueblo y volvemos a nuestras rutinas. Por m\u00e1s mayores que nos hacemos, la &#8216;vuelta al cuelo&#8217; se siente muy presente.<\/p>\n<p>Por esta raz\u00f3n, en Charter te ofrecemos una ancha selecci\u00f3n de productos para llenar la cesta de la compra al mejor precio. Aprovecha la temporada de vendimia para disfrutar de la uva m\u00e1s dulce y\u00a0 jugosa. \u00bfLa prefieres en ensalada, en mosto o como postre? Hojea el cat\u00e1logo y encuentra las ofertas que m\u00e1s se te acoplen.<\/p>\n<p>CONSULTA EL FOLLETO DE SEPTIEMBRE <a href=\"https:\/\/www.consum.es\/content\/docs\/20260827\/folleto\/CS-0011.V.0.0\/index.html\" target=\"_blank\" rel=\"noopener\">AQU\u00cd.<\/a><\/p>\n","protected":false},"excerpt":{"rendered":"<p>Septiembre es uno de los meses m\u00e1s agradecidos por muchos: bajan las temperaturas acalorantes del verano, descansamos despu\u00e9s de las fiestas de pueblo y volvemos a nuestras rutinas. Por m\u00e1s mayores que nos hacemos, la &#8216;vuelta al cuelo&#8217; se siente muy presente. Por esta raz\u00f3n, en Charter te ofrecemos una ancha selecci\u00f3n de productos para [&hellip;]<\/p>\n","protected":false},"author":1,"featured_media":5787,"comment_status":"closed","ping_status":"closed","sticky":false,"template":"","format":"standard","meta":{"footnotes":""},"categories":[17],"tags":[],"class_list":["post-5779","post","type-post","status-publish","format-standard","has-post-thumbnail","hentry","category-actualidad"],"_links":{"self":[{"href":"https:\/\/copobla.es\/es\/wp-json\/wp\/v2\/posts\/5779","targetHints":{"allow":["GET"]}}],"collection":[{"href":"https:\/\/copobla.es\/es\/wp-json\/wp\/v2\/posts"}],"about":[{"href":"https:\/\/copobla.es\/es\/wp-json\/wp\/v2\/types\/post"}],"author":[{"embeddable":true,"href":"https:\/\/copobla.es\/es\/wp-json\/wp\/v2\/users\/1"}],"replies":[{"embeddable":true,"href":"https:\/\/copobla.es\/es\/wp-json\/wp\/v2\/comments?post=5779"}],"version-history":[{"count":5,"href":"https:\/\/copobla.es\/es\/wp-json\/wp\/v2\/posts\/5779\/revisions"}],"predecessor-version":[{"id":5788,"href":"https:\/\/copobla.es\/es\/wp-json\/wp\/v2\/posts\/5779\/revisions\/5788"}],"wp:featuredmedia":[{"embeddable":true,"href":"https:\/\/copobla.es\/es\/wp-json\/wp\/v2\/media\/5787"}],"wp:attachment":[{"href":"https:\/\/copobla.es\/es\/wp-json\/wp\/v2\/media?parent=5779"}],"wp:term":[{"taxonomy":"category","embeddable":true,"href":"https:\/\/copobla.es\/es\/wp-json\/wp\/v2\/categories?post=5779"},{"taxonomy":"post_tag","embeddable":true,"href":"https:\/\/copobla.es\/es\/wp-json\/wp\/v2\/tags?post=5779"}],"curies":[{"name":"wp","href":"https:\/\/api.w.org\/{rel}","templated":true}]}}